{"id":314,"date":"2013-11-25T18:10:55","date_gmt":"2013-11-25T18:10:55","guid":{"rendered":"http:\/\/www.camprubi.cat\/?p=314"},"modified":"2016-09-19T19:56:31","modified_gmt":"2016-09-19T19:56:31","slug":"nadala-2013","status":"publish","type":"post","link":"https:\/\/www.camprubi.cat\/?p=314","title":{"rendered":"Nadala 2013"},"content":{"rendered":"<p><a href=\"https:\/\/www.camprubi.cat\/wp-content\/uploads\/2016\/06\/2013TARNADALA_012-1.jpg\"><img loading=\"lazy\" decoding=\"async\" class=\"aligncenter size-medium wp-image-123\" src=\"https:\/\/www.camprubi.cat\/wp-content\/uploads\/2016\/06\/2013TARNADALA_012-1-300x189.jpg\" alt=\"2013TARNADALA_012\" width=\"500\" height=\"315\" srcset=\"https:\/\/www.camprubi.cat\/wp-content\/uploads\/2016\/06\/2013TARNADALA_012-1-300x189.jpg 300w, https:\/\/www.camprubi.cat\/wp-content\/uploads\/2016\/06\/2013TARNADALA_012-1-768x484.jpg 768w, https:\/\/www.camprubi.cat\/wp-content\/uploads\/2016\/06\/2013TARNADALA_012-1.jpg 1024w, https:\/\/www.camprubi.cat\/wp-content\/uploads\/2016\/06\/2013TARNADALA_012-1-429x270.jpg 429w\" sizes=\"auto, (max-width: 500px) 100vw, 500px\" \/><\/a><\/p>\n<p>Quan s\u2019acaba l\u2019any arriba el Nadal amb les seves festes, tradicions i preparem vetllades agradables amb la fam\u00edlia i els amics.<\/p>\n<p>Nadal, Sant Esteve, Cap d\u2019any i Reis d\u2019Orient un seguit de dates assenyalades que ens permeten recordar-nos de tot i de tots.<\/p>\n<p>Des de casa nostra us volem desitjar unes bones festes i sobretot que tinguem un millor any nou 2014, \u00a0per\u00f2 tamb\u00e9 ens agradaria que amb motiu de les festes donen oportunitats per fer entrar la llum del sol, de la lluna, del carrer, \u00a0de l\u2019exterior,&#8230; a dins a casa nostra; una llum que ens permeti mirar les coses d\u2019una altre manera, una llum que doni noves llums, noves tonalitats, nous colors, que ens plantegi visions diferents de les coses, des de les m\u00e9s quotidianes a les m\u00e9s globals; una llum que ens ajudi a enfocar les coses\u00a0 de manera diferent.<\/p>\n<p>Estem conven\u00e7uts que aquesta llum ens ajudar\u00e0 a cr\u00e9ixer com a persones i ben segur que ens far\u00e0 m\u00e9s&#8230;&#8230;.. poseu-hi el que vulgueu.<\/p>\n<p>Aquest any quan prepar\u00e0vem la nadala, i veient les diferents dificultats que col\u00b7lectivament\u00a0 vivim, ens venia de gust proposar-vos que obrim les finestres i \u201c<em>deixem entrar la llum que ens fa cr\u00e9ixer<\/em>\u201d.<\/p>\n<p>Marta i Josep<\/p>\n<p>Nadal del 2013<\/p>\n<p><a href=\"https:\/\/www.camprubi.cat\/wp-content\/uploads\/2016\/06\/2013TARNADALA_004-1.jpg\"><img loading=\"lazy\" decoding=\"async\" class=\"size-medium wp-image-121 alignleft\" src=\"https:\/\/www.camprubi.cat\/wp-content\/uploads\/2016\/06\/2013TARNADALA_004-1-300x200.jpg\" alt=\"2013TARNADALA_004\" width=\"300\" height=\"200\" srcset=\"https:\/\/www.camprubi.cat\/wp-content\/uploads\/2016\/06\/2013TARNADALA_004-1-300x200.jpg 300w, https:\/\/www.camprubi.cat\/wp-content\/uploads\/2016\/06\/2013TARNADALA_004-1-768x512.jpg 768w, https:\/\/www.camprubi.cat\/wp-content\/uploads\/2016\/06\/2013TARNADALA_004-1.jpg 1024w, https:\/\/www.camprubi.cat\/wp-content\/uploads\/2016\/06\/2013TARNADALA_004-1-405x270.jpg 405w\" sizes=\"auto, (max-width: 300px) 100vw, 300px\" \/><\/a><a href=\"https:\/\/www.camprubi.cat\/wp-content\/uploads\/2016\/06\/2013TARNADALA_005-1.jpg\"><img loading=\"lazy\" decoding=\"async\" class=\"size-medium wp-image-120 alignleft\" src=\"https:\/\/www.camprubi.cat\/wp-content\/uploads\/2016\/06\/2013TARNADALA_005-1-300x200.jpg\" alt=\"2013TARNADALA_005\" width=\"300\" height=\"200\" srcset=\"https:\/\/www.camprubi.cat\/wp-content\/uploads\/2016\/06\/2013TARNADALA_005-1-300x200.jpg 300w, https:\/\/www.camprubi.cat\/wp-content\/uploads\/2016\/06\/2013TARNADALA_005-1-768x512.jpg 768w, https:\/\/www.camprubi.cat\/wp-content\/uploads\/2016\/06\/2013TARNADALA_005-1.jpg 1024w, https:\/\/www.camprubi.cat\/wp-content\/uploads\/2016\/06\/2013TARNADALA_005-1-405x270.jpg 405w\" sizes=\"auto, (max-width: 300px) 100vw, 300px\" \/><\/a><a href=\"https:\/\/www.camprubi.cat\/wp-content\/uploads\/2016\/06\/2013TARNADALA_008-1.jpg\"><img loading=\"lazy\" decoding=\"async\" class=\"size-medium wp-image-119 alignleft\" src=\"https:\/\/www.camprubi.cat\/wp-content\/uploads\/2016\/06\/2013TARNADALA_008-1-300x200.jpg\" alt=\"2013TARNADALA_008\" width=\"300\" height=\"200\" srcset=\"https:\/\/www.camprubi.cat\/wp-content\/uploads\/2016\/06\/2013TARNADALA_008-1-300x200.jpg 300w, https:\/\/www.camprubi.cat\/wp-content\/uploads\/2016\/06\/2013TARNADALA_008-1-768x512.jpg 768w, https:\/\/www.camprubi.cat\/wp-content\/uploads\/2016\/06\/2013TARNADALA_008-1.jpg 1024w, https:\/\/www.camprubi.cat\/wp-content\/uploads\/2016\/06\/2013TARNADALA_008-1-405x270.jpg 405w\" sizes=\"auto, (max-width: 300px) 100vw, 300px\" \/><\/a><\/p>\n","protected":false},"excerpt":{"rendered":"<p>Quan s\u2019acaba l\u2019any arriba el Nadal amb les seves festes, tradicions i preparem vetllades agradables amb la fam\u00edlia i els amics. Nadal, Sant Esteve, Cap d\u2019any i Reis d\u2019Orient un seguit de dates assenyalades que ens permeten recordar-nos de tot i de tots. Des de casa nostra us volem desitjar unes bones festes i sobretot que tinguem un millor any nou 2014, \u00a0per\u00f2 tamb\u00e9 ens agradaria que amb motiu de les festes donen oportunitats per fer entrar la llum del&#8230;<\/p>\n<p class=\"read-more\"><a class=\"btn btn-default\" href=\"https:\/\/www.camprubi.cat\/?p=314\"> Read More<span class=\"screen-reader-text\">  Read More<\/span><\/a><\/p>\n","protected":false},"author":1,"featured_media":0,"comment_status":"closed","ping_status":"closed","sticky":false,"template":"","format":"standard","meta":{"footnotes":""},"categories":[1],"tags":[3,4],"class_list":["post-314","post","type-post","status-publish","format-standard","hentry","category-uncategorized","tag-familia","tag-nadal"],"_links":{"self":[{"href":"https:\/\/www.camprubi.cat\/index.php?rest_route=\/wp\/v2\/posts\/314","targetHints":{"allow":["GET"]}}],"collection":[{"href":"https:\/\/www.camprubi.cat\/index.php?rest_route=\/wp\/v2\/posts"}],"about":[{"href":"https:\/\/www.camprubi.cat\/index.php?rest_route=\/wp\/v2\/types\/post"}],"author":[{"embeddable":true,"href":"https:\/\/www.camprubi.cat\/index.php?rest_route=\/wp\/v2\/users\/1"}],"replies":[{"embeddable":true,"href":"https:\/\/www.camprubi.cat\/index.php?rest_route=%2Fwp%2Fv2%2Fcomments&post=314"}],"version-history":[{"count":2,"href":"https:\/\/www.camprubi.cat\/index.php?rest_route=\/wp\/v2\/posts\/314\/revisions"}],"predecessor-version":[{"id":358,"href":"https:\/\/www.camprubi.cat\/index.php?rest_route=\/wp\/v2\/posts\/314\/revisions\/358"}],"wp:attachment":[{"href":"https:\/\/www.camprubi.cat\/index.php?rest_route=%2Fwp%2Fv2%2Fmedia&parent=314"}],"wp:term":[{"taxonomy":"category","embeddable":true,"href":"https:\/\/www.camprubi.cat\/index.php?rest_route=%2Fwp%2Fv2%2Fcategories&post=314"},{"taxonomy":"post_tag","embeddable":true,"href":"https:\/\/www.camprubi.cat\/index.php?rest_route=%2Fwp%2Fv2%2Ftags&post=314"}],"curies":[{"name":"wp","href":"https:\/\/api.w.org\/{rel}","templated":true}]}}