{"id":274,"date":"2013-09-15T16:20:40","date_gmt":"2013-09-15T16:20:40","guid":{"rendered":"http:\/\/www.camprubi.cat\/?p=274"},"modified":"2016-09-19T19:55:29","modified_gmt":"2016-09-19T19:55:29","slug":"amat-piniella","status":"publish","type":"post","link":"https:\/\/www.camprubi.cat\/?p=274","title":{"rendered":"Amat-Piniella"},"content":{"rendered":"<p><a href=\"https:\/\/www.camprubi.cat\/wp-content\/uploads\/2016\/09\/escultura_amat_piniella.jpg\"><img loading=\"lazy\" decoding=\"async\" class=\"aligncenter size-medium wp-image-275\" src=\"https:\/\/www.camprubi.cat\/wp-content\/uploads\/2016\/09\/escultura_amat_piniella-300x218.jpg\" alt=\"escultura_amat_piniella\" width=\"500\" height=\"363\" srcset=\"https:\/\/www.camprubi.cat\/wp-content\/uploads\/2016\/09\/escultura_amat_piniella-300x218.jpg 300w, https:\/\/www.camprubi.cat\/wp-content\/uploads\/2016\/09\/escultura_amat_piniella-768x559.jpg 768w, https:\/\/www.camprubi.cat\/wp-content\/uploads\/2016\/09\/escultura_amat_piniella-371x270.jpg 371w, https:\/\/www.camprubi.cat\/wp-content\/uploads\/2016\/09\/escultura_amat_piniella.jpg 800w\" sizes=\"auto, (max-width: 500px) 100vw, 500px\" \/><\/a><\/p>\n<p><strong>Joaquim Amat-Piniella \u2013 K.L. Reich<\/strong><\/p>\n<p>Quan va entrar el llibre <em>K.L. Reich<\/em> a casa recordo que el vaig fullejar i fins tot llegir algun par\u00e0graf per\u00f2 \u00a0no em vaig atrevir a llegir-lo sencer; segur que el que s\u2019hi narrava no era de bon grat \u00e9sser llegit. Els horrors dels camps de concentraci\u00f3 no calia recordar-los, ja els coneix\u00edem prou b\u00e9 (o no) a trav\u00e9s de informacions, lectures breus, imatges gr\u00e0fiques,&#8230;.<\/p>\n<p>Ara amb motiu del centenari de l\u2019Amat Piniella i despr\u00e9s de con\u00e8ixer una mica m\u00e9s la vida del manres\u00e0 il\u00b7lustre, he volgut llegir el llibre sencer.<\/p>\n<p>M\u2019ha sorpr\u00e8s!\u00a0 La seva descripci\u00f3 humanitzada dels fets, dels esdeveniments, de les viv\u00e8ncies i de les relacions personals, tot plegat m\u2019han fet descriure una visi\u00f3 imagin\u00e0ria de la situaci\u00f3 que tants i tants homes i dones els va tocar viure: he sentit els silencis, els brogits, el fred i la calor asfixiant, les olors i les pudors inimaginables, les imatges que Amat-Piniella va descrivint \u00a0a trav\u00e9s de la lectura;\u00a0 per\u00f2 tamb\u00e9 he copsat \u00a0l\u2019amistat, la comprensi\u00f3, les bones relacions humanes que em permetia continuar llegint el llibre d\u2019una forma serena.<\/p>\n<p>Sembla que no passi res, per\u00f2 renoi fins a quin punt els (uns) humans (?!) que es creuen superiors als altres s\u00f3n capa\u00e7os de destruir psicol\u00f2gicament, mental i f\u00edsicament als qui no pensen com ells.<\/p>\n<p>El llibre m\u2019ha apropat a l\u2019autor i de manera directa a les seves viv\u00e8ncies, per\u00f2 tamb\u00e9 he vist la fortalesa interior de l\u2019Amat-Piniella, en tenir la voluntat i capacitat de escriure els horrors i els maltractaments viscuts durant el seu captiveri, com un testament per a la seva gent.<\/p>\n<p>Manresa enguany hem recordat a Joaquim Amat Piniella, i deixem una empremta ben visible a la ciutat a trav\u00e9s de l\u2019escultura al bell mig del Passeig. Ben segur que cada vegada que passem pel seu costat recordarem algunes de les seves viv\u00e8ncies.<\/p>\n<p>&nbsp;<\/p>\n<p>Josep Camprub\u00ed Duocastella<\/p>\n<p>Manresa, estiu 2013<\/p>\n<p><a href=\"https:\/\/www.camprubi.cat\/wp-content\/uploads\/2016\/06\/premi-amat-piniella-2011.jpg\"><img loading=\"lazy\" decoding=\"async\" class=\"size-medium wp-image-148 alignleft\" src=\"https:\/\/www.camprubi.cat\/wp-content\/uploads\/2016\/06\/premi-amat-piniella-2011-300x199.jpg\" alt=\"premi amat piniella 2011\" width=\"300\" height=\"199\" srcset=\"https:\/\/www.camprubi.cat\/wp-content\/uploads\/2016\/06\/premi-amat-piniella-2011-300x199.jpg 300w, https:\/\/www.camprubi.cat\/wp-content\/uploads\/2016\/06\/premi-amat-piniella-2011-407x270.jpg 407w, https:\/\/www.camprubi.cat\/wp-content\/uploads\/2016\/06\/premi-amat-piniella-2011.jpg 750w\" sizes=\"auto, (max-width: 300px) 100vw, 300px\" \/><\/a><a href=\"https:\/\/www.camprubi.cat\/wp-content\/uploads\/2016\/06\/premi-amat-piniella-2007.jpg\"><img loading=\"lazy\" decoding=\"async\" class=\"size-medium wp-image-213 alignleft\" src=\"https:\/\/www.camprubi.cat\/wp-content\/uploads\/2016\/06\/premi-amat-piniella-2007-276x300.jpg\" alt=\"premi amat piniella 2007\" width=\"276\" height=\"300\" srcset=\"https:\/\/www.camprubi.cat\/wp-content\/uploads\/2016\/06\/premi-amat-piniella-2007.jpg 276w, https:\/\/www.camprubi.cat\/wp-content\/uploads\/2016\/06\/premi-amat-piniella-2007-248x270.jpg 248w\" sizes=\"auto, (max-width: 276px) 100vw, 276px\" \/><\/a><\/p>\n","protected":false},"excerpt":{"rendered":"<p>Joaquim Amat-Piniella \u2013 K.L. Reich Quan va entrar el llibre K.L. Reich a casa recordo que el vaig fullejar i fins tot llegir algun par\u00e0graf per\u00f2 \u00a0no em vaig atrevir a llegir-lo sencer; segur que el que s\u2019hi narrava no era de bon grat \u00e9sser llegit. Els horrors dels camps de concentraci\u00f3 no calia recordar-los, ja els coneix\u00edem prou b\u00e9 (o no) a trav\u00e9s de informacions, lectures breus, imatges gr\u00e0fiques,&#8230;. Ara amb motiu del centenari de l\u2019Amat Piniella i despr\u00e9s&#8230;<\/p>\n<p class=\"read-more\"><a class=\"btn btn-default\" href=\"https:\/\/www.camprubi.cat\/?p=274\"> Read More<span class=\"screen-reader-text\">  Read More<\/span><\/a><\/p>\n","protected":false},"author":1,"featured_media":0,"comment_status":"closed","ping_status":"closed","sticky":false,"template":"","format":"standard","meta":{"footnotes":""},"categories":[1],"tags":[13,8],"class_list":["post-274","post","type-post","status-publish","format-standard","hentry","category-uncategorized","tag-ciutat","tag-cultura"],"_links":{"self":[{"href":"https:\/\/www.camprubi.cat\/index.php?rest_route=\/wp\/v2\/posts\/274","targetHints":{"allow":["GET"]}}],"collection":[{"href":"https:\/\/www.camprubi.cat\/index.php?rest_route=\/wp\/v2\/posts"}],"about":[{"href":"https:\/\/www.camprubi.cat\/index.php?rest_route=\/wp\/v2\/types\/post"}],"author":[{"embeddable":true,"href":"https:\/\/www.camprubi.cat\/index.php?rest_route=\/wp\/v2\/users\/1"}],"replies":[{"embeddable":true,"href":"https:\/\/www.camprubi.cat\/index.php?rest_route=%2Fwp%2Fv2%2Fcomments&post=274"}],"version-history":[{"count":2,"href":"https:\/\/www.camprubi.cat\/index.php?rest_route=\/wp\/v2\/posts\/274\/revisions"}],"predecessor-version":[{"id":357,"href":"https:\/\/www.camprubi.cat\/index.php?rest_route=\/wp\/v2\/posts\/274\/revisions\/357"}],"wp:attachment":[{"href":"https:\/\/www.camprubi.cat\/index.php?rest_route=%2Fwp%2Fv2%2Fmedia&parent=274"}],"wp:term":[{"taxonomy":"category","embeddable":true,"href":"https:\/\/www.camprubi.cat\/index.php?rest_route=%2Fwp%2Fv2%2Fcategories&post=274"},{"taxonomy":"post_tag","embeddable":true,"href":"https:\/\/www.camprubi.cat\/index.php?rest_route=%2Fwp%2Fv2%2Ftags&post=274"}],"curies":[{"name":"wp","href":"https:\/\/api.w.org\/{rel}","templated":true}]}}