{"id":272,"date":"2014-05-04T16:17:41","date_gmt":"2014-05-04T16:17:41","guid":{"rendered":"http:\/\/www.camprubi.cat\/?p=272"},"modified":"2016-09-19T20:01:29","modified_gmt":"2016-09-19T20:01:29","slug":"el-bullidor-de-llet","status":"publish","type":"post","link":"https:\/\/www.camprubi.cat\/?p=272","title":{"rendered":"El bullidor de llet"},"content":{"rendered":"<p><a href=\"https:\/\/www.camprubi.cat\/wp-content\/uploads\/2016\/06\/2014PRIM-Empedrats_007a.jpg\"><img loading=\"lazy\" decoding=\"async\" class=\"aligncenter size-medium wp-image-112\" src=\"https:\/\/www.camprubi.cat\/wp-content\/uploads\/2016\/06\/2014PRIM-Empedrats_007a-300x200.jpg\" alt=\"2014PRIM Empedrats_007a\" width=\"500\" height=\"333\" srcset=\"https:\/\/www.camprubi.cat\/wp-content\/uploads\/2016\/06\/2014PRIM-Empedrats_007a-300x200.jpg 300w, https:\/\/www.camprubi.cat\/wp-content\/uploads\/2016\/06\/2014PRIM-Empedrats_007a-768x512.jpg 768w, https:\/\/www.camprubi.cat\/wp-content\/uploads\/2016\/06\/2014PRIM-Empedrats_007a-1024x683.jpg 1024w, https:\/\/www.camprubi.cat\/wp-content\/uploads\/2016\/06\/2014PRIM-Empedrats_007a-405x270.jpg 405w, https:\/\/www.camprubi.cat\/wp-content\/uploads\/2016\/06\/2014PRIM-Empedrats_007a.jpg 1200w\" sizes=\"auto, (max-width: 500px) 100vw, 500px\" \/><\/a><\/p>\n<p><strong>El bullidor de llet, els empedrats i la Font de l\u2019Adou del Bastareny de regal.<\/strong><\/p>\n<p>Un magn\u00edfic dia assolellat de primavera ens enfilem tots quatre cap a l\u2019alt Bergued\u00e0 amb la Marta, la Isabel i l\u2019\u00c0ngel \u00a0amb l\u2019objectiu de con\u00e8ixer el \u201cbullidor de la llet\u201d.<\/p>\n<p>Sortint de Baga en direcci\u00f3 a Gisclareny per una carretera estreta i en bon estat, que just abans de travessar el pont que creua el riu, a la dreta hi ha una pista forestal que seguirem un parell de kil\u00f2metres fins arribar a una casa de col\u00f2nies de La Salle (Can Cerdanyola) on podem aparcar el vehicle.<\/p>\n<p>Comen\u00e7a la nostra excursi\u00f3 a peu per un sender a ma dreta, marcat amb senyals grogues i blanques i que esta identificat com el sender de petit recorregut PR C-125; just iniciat el cam\u00ed hi ha una casa mig enrunada a la nostre esquerra que rep el nom de L\u2019Hostalet , punt de refer\u00e8ncia en altres temps per la ruta de l\u2019antic cam\u00ed ral que uneix el Bergued\u00e0 i la Cerdanya pel Coll de Pend\u00eds a la Serra del Moixer\u00f3.<\/p>\n<p>Continuem el nostre cam\u00ed al costat del torrent del Forat o de la Font del Faig que recull les aig\u00fces que venen del Torrent del Pend\u00eds i el Torrent d\u2019Escriu; el soroll de l\u2019aigua ens va acompanyant durant el trajecte \u00a0i anem observant el nostre entorn enmig d\u2019un bosc de ribera i de pins roig ben crescuts, \u00a0per ben aviat creuar el torrent amb un pont de pedra. Quan portem uns quinze minuts caminant trobem un indicador de bifurcaci\u00f3 de camins. Com que primer volem anar al Bullidor de la llet, seguim el cam\u00ed de l\u2019esquerra tot passant \u00a0per una passarel\u00b7la sobre l\u2019aigua i despr\u00e9s \u00a0el cam\u00ed supera una rampa de pujada i de baixada; ja anem sentint cada vegada m\u00e9s la remor d\u2019aigua m\u00e9s potent; ens enfilem per entremig d\u2019un bosc de boixos fins que trobem davant nostre el gran \u201cbullidor de llet\u201d. Un magn\u00edfic saltant d\u2019aigua que surt de les parets de roca calc\u00e0ria dels Empedrats\u00a0 i agafa un color blanquin\u00f3s\u00a0 per l\u2019efecte de la gran velocitat i pressi\u00f3 en que surt, \u00a0semblant que est\u00e0 en ebullici\u00f3. Un magn\u00edfic raconet i un punt en el mapa dels \u201cfavorits\u201d.<\/p>\n<p>Per\u00f2 la nostra excursi\u00f3 no acaba aqu\u00ed, desfem el cam\u00ed fins el trencall i reprenem el cam\u00ed, ara cap a la dreta en direcci\u00f3 a el Empedrats. Despr\u00e9s d\u2019enfilar-se una mica, el cam\u00ed entra en els engorjats que provoquem les parets i roques, provocant un congost ombr\u00edvol; el cam\u00ed segueix el seu tra\u00e7 i sovint es confon amb el torrent que travessem m\u00e9s d\u2019una vegada gr\u00e0cies a les pedres que ens fan de passeres, tot mirant de no relliscar per no mullar-se. Uns quants salts d\u2019aigua, vistoses cascades, curiosos trencaclosques formats per la posici\u00f3 de les grans roques, i el moldeig de les pedres provocat per l\u2019erosi\u00f3 constant de l\u2019aigua son els nostres companys de viatge. Superem el congost i el cam\u00ed ara s\u2019enfila, ara planeja, ara amb ziga-zaga, va continuant fins&#8230;&#8230; a la Font del Faig i el Refugi de Sant Jordi sota la serra del Moixer\u00f3, per\u00f2 aquest no \u00e9s el nostre objectiu i ja hem caminat una hora m\u00e9s i ja en portem dues. Hem gaudit d\u2019una excursi\u00f3 pels empedrats, hem trobat amics pel cam\u00ed, i tot fent el retorn busquem un llogaret per fer una paradeta i dinar a base de les amanides de \u201cquarta\u201d generaci\u00f3 (aix\u00f2 \u00e9s el que diuen a les que ja venen preparades a punt per menjar!) i alguna cosa m\u00e9s.<\/p>\n<p>Ja som de retorn al cotxe i ens enfilem per la pista forestal amunt recorrent un parell de quil\u00f2metre m\u00e9s en direcci\u00f3 a Saldes fins arribar a la Font de l\u2019Adou o del Bastareny (1077mts). Aqu\u00ed trobem una tanca que en barra el pas al cotxe i aprofitem per con\u00e8ixer d\u2019aprop el naixement del riu Bastareny (un afluent del riu Llobregat); una magnifica resclosa amb abundant aigua ens dona la benvinguda i els esquitxos del salt de l\u2019aigua creen una atmosfera fresca ; seguim per un corriol amunt que ens porta a la Font de l\u2019Adou, on l\u2019aigua surt de l\u2019interior de la muntanya amb un bon cabal i velocitat; les molses aferrades a les pedres amansen l\u2019aigua que les cobreix i les pentina constantment. Es com si l\u2019aigua amagada sota la muntanya tingu\u00e9s ganes de sortir enfora per veure la llum i a fora les molses l\u2019acaronen i l\u2019hi donen la benvinguda tot continuant el seu cam\u00ed.<\/p>\n<p>De retorn al cotxe observem les pr\u00edmules grogues que ben erectes busquen la llum del sol i un tros m\u00e9s enll\u00e0 tot un estol de papallones blanques i grogues queden quietes sobre una petita bassa d\u2019aigua i fang, com si f\u00e9ssim la migdiada d\u2019un magn\u00edfic diumenge primaveral.<\/p>\n<p>&nbsp;<\/p>\n<p>Josep Camprub\u00ed &#8211; 4 de maig 2014<\/p>\n<p><a href=\"https:\/\/www.camprubi.cat\/wp-content\/uploads\/2016\/06\/2014PRIM-Empedrats_025a.jpg\"><img loading=\"lazy\" decoding=\"async\" class=\"size-medium wp-image-102 alignleft\" src=\"https:\/\/www.camprubi.cat\/wp-content\/uploads\/2016\/06\/2014PRIM-Empedrats_025a-300x200.jpg\" alt=\"2014PRIM Empedrats_025a\" width=\"300\" height=\"200\" srcset=\"https:\/\/www.camprubi.cat\/wp-content\/uploads\/2016\/06\/2014PRIM-Empedrats_025a-300x200.jpg 300w, https:\/\/www.camprubi.cat\/wp-content\/uploads\/2016\/06\/2014PRIM-Empedrats_025a-768x512.jpg 768w, https:\/\/www.camprubi.cat\/wp-content\/uploads\/2016\/06\/2014PRIM-Empedrats_025a-1024x683.jpg 1024w, https:\/\/www.camprubi.cat\/wp-content\/uploads\/2016\/06\/2014PRIM-Empedrats_025a-405x270.jpg 405w, https:\/\/www.camprubi.cat\/wp-content\/uploads\/2016\/06\/2014PRIM-Empedrats_025a.jpg 1200w\" sizes=\"auto, (max-width: 300px) 100vw, 300px\" \/><\/a><\/p>\n<p><a href=\"https:\/\/www.camprubi.cat\/wp-content\/uploads\/2016\/06\/2014PRIM-Empedrats_032a.jpg\"><img loading=\"lazy\" decoding=\"async\" class=\"size-medium wp-image-107 alignleft\" src=\"https:\/\/www.camprubi.cat\/wp-content\/uploads\/2016\/06\/2014PRIM-Empedrats_032a-300x200.jpg\" alt=\"2014PRIM Empedrats_032a\" width=\"300\" height=\"200\" srcset=\"https:\/\/www.camprubi.cat\/wp-content\/uploads\/2016\/06\/2014PRIM-Empedrats_032a-300x200.jpg 300w, https:\/\/www.camprubi.cat\/wp-content\/uploads\/2016\/06\/2014PRIM-Empedrats_032a-768x512.jpg 768w, https:\/\/www.camprubi.cat\/wp-content\/uploads\/2016\/06\/2014PRIM-Empedrats_032a-1024x683.jpg 1024w, https:\/\/www.camprubi.cat\/wp-content\/uploads\/2016\/06\/2014PRIM-Empedrats_032a-405x270.jpg 405w, https:\/\/www.camprubi.cat\/wp-content\/uploads\/2016\/06\/2014PRIM-Empedrats_032a.jpg 1200w\" sizes=\"auto, (max-width: 300px) 100vw, 300px\" \/><\/a><\/p>\n<p><a href=\"https:\/\/www.camprubi.cat\/wp-content\/uploads\/2016\/06\/2014PRIM-Empedrats_028.jpg\"><img loading=\"lazy\" decoding=\"async\" class=\"size-medium wp-image-114 alignleft\" src=\"https:\/\/www.camprubi.cat\/wp-content\/uploads\/2016\/06\/2014PRIM-Empedrats_028-300x200.jpg\" alt=\"2014PRIM Empedrats_028\" width=\"300\" height=\"200\" srcset=\"https:\/\/www.camprubi.cat\/wp-content\/uploads\/2016\/06\/2014PRIM-Empedrats_028-300x200.jpg 300w, https:\/\/www.camprubi.cat\/wp-content\/uploads\/2016\/06\/2014PRIM-Empedrats_028-768x512.jpg 768w, https:\/\/www.camprubi.cat\/wp-content\/uploads\/2016\/06\/2014PRIM-Empedrats_028-1024x683.jpg 1024w, https:\/\/www.camprubi.cat\/wp-content\/uploads\/2016\/06\/2014PRIM-Empedrats_028-405x270.jpg 405w, https:\/\/www.camprubi.cat\/wp-content\/uploads\/2016\/06\/2014PRIM-Empedrats_028.jpg 1200w\" sizes=\"auto, (max-width: 300px) 100vw, 300px\" \/><\/a><a href=\"https:\/\/www.camprubi.cat\/wp-content\/uploads\/2016\/06\/2014PRIM-Empedrats_004a.jpg\"><img loading=\"lazy\" decoding=\"async\" class=\"size-medium wp-image-113 alignleft\" src=\"https:\/\/www.camprubi.cat\/wp-content\/uploads\/2016\/06\/2014PRIM-Empedrats_004a-300x200.jpg\" alt=\"2014PRIM Empedrats_004a\" width=\"300\" height=\"200\" srcset=\"https:\/\/www.camprubi.cat\/wp-content\/uploads\/2016\/06\/2014PRIM-Empedrats_004a-300x200.jpg 300w, https:\/\/www.camprubi.cat\/wp-content\/uploads\/2016\/06\/2014PRIM-Empedrats_004a-768x512.jpg 768w, https:\/\/www.camprubi.cat\/wp-content\/uploads\/2016\/06\/2014PRIM-Empedrats_004a-1024x683.jpg 1024w, https:\/\/www.camprubi.cat\/wp-content\/uploads\/2016\/06\/2014PRIM-Empedrats_004a-405x270.jpg 405w, https:\/\/www.camprubi.cat\/wp-content\/uploads\/2016\/06\/2014PRIM-Empedrats_004a.jpg 1200w\" sizes=\"auto, (max-width: 300px) 100vw, 300px\" \/><\/a><a href=\"https:\/\/www.camprubi.cat\/wp-content\/uploads\/2016\/06\/2014PRIM-Empedrats_016a.jpg\"><img loading=\"lazy\" decoding=\"async\" class=\"size-medium wp-image-111 alignleft\" src=\"https:\/\/www.camprubi.cat\/wp-content\/uploads\/2016\/06\/2014PRIM-Empedrats_016a-300x200.jpg\" alt=\"2014PRIM Empedrats_016a\" width=\"300\" height=\"200\" srcset=\"https:\/\/www.camprubi.cat\/wp-content\/uploads\/2016\/06\/2014PRIM-Empedrats_016a-300x200.jpg 300w, https:\/\/www.camprubi.cat\/wp-content\/uploads\/2016\/06\/2014PRIM-Empedrats_016a-768x512.jpg 768w, https:\/\/www.camprubi.cat\/wp-content\/uploads\/2016\/06\/2014PRIM-Empedrats_016a-1024x683.jpg 1024w, https:\/\/www.camprubi.cat\/wp-content\/uploads\/2016\/06\/2014PRIM-Empedrats_016a-405x270.jpg 405w, https:\/\/www.camprubi.cat\/wp-content\/uploads\/2016\/06\/2014PRIM-Empedrats_016a.jpg 1200w\" sizes=\"auto, (max-width: 300px) 100vw, 300px\" \/><\/a><a href=\"https:\/\/www.camprubi.cat\/wp-content\/uploads\/2016\/06\/2014PRIM-Empedrats_022a.jpg\"><img loading=\"lazy\" decoding=\"async\" class=\"size-medium wp-image-109 alignleft\" src=\"https:\/\/www.camprubi.cat\/wp-content\/uploads\/2016\/06\/2014PRIM-Empedrats_022a-300x200.jpg\" alt=\"2014PRIM Empedrats_022a\" width=\"300\" height=\"200\" srcset=\"https:\/\/www.camprubi.cat\/wp-content\/uploads\/2016\/06\/2014PRIM-Empedrats_022a-300x200.jpg 300w, https:\/\/www.camprubi.cat\/wp-content\/uploads\/2016\/06\/2014PRIM-Empedrats_022a-768x512.jpg 768w, https:\/\/www.camprubi.cat\/wp-content\/uploads\/2016\/06\/2014PRIM-Empedrats_022a-1024x683.jpg 1024w, https:\/\/www.camprubi.cat\/wp-content\/uploads\/2016\/06\/2014PRIM-Empedrats_022a-405x270.jpg 405w, https:\/\/www.camprubi.cat\/wp-content\/uploads\/2016\/06\/2014PRIM-Empedrats_022a.jpg 1200w\" sizes=\"auto, (max-width: 300px) 100vw, 300px\" \/><\/a><a href=\"https:\/\/www.camprubi.cat\/wp-content\/uploads\/2016\/06\/2014PRIM-Empedrats_026a.jpg\"><img loading=\"lazy\" decoding=\"async\" class=\"size-medium wp-image-108 alignleft\" src=\"https:\/\/www.camprubi.cat\/wp-content\/uploads\/2016\/06\/2014PRIM-Empedrats_026a-200x300.jpg\" alt=\"2014PRIM Empedrats_026a\" width=\"200\" height=\"300\" srcset=\"https:\/\/www.camprubi.cat\/wp-content\/uploads\/2016\/06\/2014PRIM-Empedrats_026a-200x300.jpg 200w, https:\/\/www.camprubi.cat\/wp-content\/uploads\/2016\/06\/2014PRIM-Empedrats_026a-768x1152.jpg 768w, https:\/\/www.camprubi.cat\/wp-content\/uploads\/2016\/06\/2014PRIM-Empedrats_026a-683x1024.jpg 683w, https:\/\/www.camprubi.cat\/wp-content\/uploads\/2016\/06\/2014PRIM-Empedrats_026a-180x270.jpg 180w, https:\/\/www.camprubi.cat\/wp-content\/uploads\/2016\/06\/2014PRIM-Empedrats_026a.jpg 800w\" sizes=\"auto, (max-width: 200px) 100vw, 200px\" \/><\/a><a href=\"https:\/\/www.camprubi.cat\/wp-content\/uploads\/2016\/06\/2014PRIM-Empedrats_034a.jpg\"><img loading=\"lazy\" decoding=\"async\" class=\"size-medium wp-image-101 alignleft\" src=\"https:\/\/www.camprubi.cat\/wp-content\/uploads\/2016\/06\/2014PRIM-Empedrats_034a-300x226.jpg\" alt=\"2014PRIM Empedrats_034a\" width=\"300\" height=\"226\" srcset=\"https:\/\/www.camprubi.cat\/wp-content\/uploads\/2016\/06\/2014PRIM-Empedrats_034a-300x226.jpg 300w, https:\/\/www.camprubi.cat\/wp-content\/uploads\/2016\/06\/2014PRIM-Empedrats_034a-768x579.jpg 768w, https:\/\/www.camprubi.cat\/wp-content\/uploads\/2016\/06\/2014PRIM-Empedrats_034a-1024x771.jpg 1024w, https:\/\/www.camprubi.cat\/wp-content\/uploads\/2016\/06\/2014PRIM-Empedrats_034a-358x270.jpg 358w, https:\/\/www.camprubi.cat\/wp-content\/uploads\/2016\/06\/2014PRIM-Empedrats_034a.jpg 1200w\" sizes=\"auto, (max-width: 300px) 100vw, 300px\" \/><\/a><\/p>\n","protected":false},"excerpt":{"rendered":"<p>El bullidor de llet, els empedrats i la Font de l\u2019Adou del Bastareny de regal. Un magn\u00edfic dia assolellat de primavera ens enfilem tots quatre cap a l\u2019alt Bergued\u00e0 amb la Marta, la Isabel i l\u2019\u00c0ngel \u00a0amb l\u2019objectiu de con\u00e8ixer el \u201cbullidor de la llet\u201d. Sortint de Baga en direcci\u00f3 a Gisclareny per una carretera estreta i en bon estat, que just abans de travessar el pont que creua el riu, a la dreta hi ha una pista forestal que&#8230;<\/p>\n<p class=\"read-more\"><a class=\"btn btn-default\" href=\"https:\/\/www.camprubi.cat\/?p=272\"> Read More<span class=\"screen-reader-text\">  Read More<\/span><\/a><\/p>\n","protected":false},"author":1,"featured_media":0,"comment_status":"closed","ping_status":"closed","sticky":false,"template":"","format":"standard","meta":{"footnotes":""},"categories":[1],"tags":[6,3,7],"class_list":["post-272","post","type-post","status-publish","format-standard","hentry","category-uncategorized","tag-excursions","tag-familia","tag-muntanya"],"_links":{"self":[{"href":"https:\/\/www.camprubi.cat\/index.php?rest_route=\/wp\/v2\/posts\/272","targetHints":{"allow":["GET"]}}],"collection":[{"href":"https:\/\/www.camprubi.cat\/index.php?rest_route=\/wp\/v2\/posts"}],"about":[{"href":"https:\/\/www.camprubi.cat\/index.php?rest_route=\/wp\/v2\/types\/post"}],"author":[{"embeddable":true,"href":"https:\/\/www.camprubi.cat\/index.php?rest_route=\/wp\/v2\/users\/1"}],"replies":[{"embeddable":true,"href":"https:\/\/www.camprubi.cat\/index.php?rest_route=%2Fwp%2Fv2%2Fcomments&post=272"}],"version-history":[{"count":4,"href":"https:\/\/www.camprubi.cat\/index.php?rest_route=\/wp\/v2\/posts\/272\/revisions"}],"predecessor-version":[{"id":361,"href":"https:\/\/www.camprubi.cat\/index.php?rest_route=\/wp\/v2\/posts\/272\/revisions\/361"}],"wp:attachment":[{"href":"https:\/\/www.camprubi.cat\/index.php?rest_route=%2Fwp%2Fv2%2Fmedia&parent=272"}],"wp:term":[{"taxonomy":"category","embeddable":true,"href":"https:\/\/www.camprubi.cat\/index.php?rest_route=%2Fwp%2Fv2%2Fcategories&post=272"},{"taxonomy":"post_tag","embeddable":true,"href":"https:\/\/www.camprubi.cat\/index.php?rest_route=%2Fwp%2Fv2%2Ftags&post=272"}],"curies":[{"name":"wp","href":"https:\/\/api.w.org\/{rel}","templated":true}]}}